{"id":13606,"date":"2026-03-03T16:24:19","date_gmt":"2026-03-03T19:24:19","guid":{"rendered":"https:\/\/www.santamariadelosangeles.cl\/web\/?p=13606"},"modified":"2026-03-27T09:21:04","modified_gmt":"2026-03-27T12:21:04","slug":"prohibicion-del-uso-de-dispositivos-moviles-en-el-establecimiento","status":"publish","type":"post","link":"https:\/\/www.santamariadelosangeles.cl\/web\/2026\/03\/03\/prohibicion-del-uso-de-dispositivos-moviles-en-el-establecimiento\/","title":{"rendered":"Prohibici\u00f3n del uso de dispositivos m\u00f3viles en el establecimiento"},"content":{"rendered":"\t\t<div data-elementor-type=\"wp-post\" data-elementor-id=\"13606\" class=\"elementor elementor-13606\">\n\t\t\t\t\t\t<div class=\"elementor-inner\">\n\t\t\t\t<div class=\"elementor-section-wrap\">\n\t\t\t\t\t\t\t\t\t<section class=\"elementor-section elementor-top-section elementor-element elementor-element-4eeee62 elementor-section-boxed elementor-section-height-default elementor-section-height-default\" data-id=\"4eeee62\" data-element_type=\"section\">\n\t\t\t\t\t\t<div class=\"elementor-container elementor-column-gap-default\">\n\t\t\t\t\t\t\t<div class=\"elementor-row\">\n\t\t\t\t\t<div class=\"elementor-column elementor-col-100 elementor-top-column elementor-element elementor-element-d3e939e\" data-id=\"d3e939e\" data-element_type=\"column\">\n\t\t\t<div class=\"elementor-column-wrap elementor-element-populated\">\n\t\t\t\t\t\t\t<div class=\"elementor-widget-wrap\">\n\t\t\t\t\t\t<div class=\"elementor-element elementor-element-605f19a elementor-widget elementor-widget-text-editor\" data-id=\"605f19a\" data-element_type=\"widget\" data-widget_type=\"text-editor.default\">\n\t\t\t\t<div class=\"elementor-widget-container\">\n\t\t\t\t\t\t\t\t<div class=\"elementor-text-editor elementor-clearfix\">\n\t\t\t\t<p>Estimada comunidad educativa:<\/p><p>En el marco de la entrada en vigencia de la Ley N.\u00ba 21.801, que modifica la Ley General de Educaci\u00f3n respecto de la prohibici\u00f3n y regulaci\u00f3n del uso de dispositivos m\u00f3viles electr\u00f3nicos de comunicaci\u00f3n personal en establecimientos educacionales, informamos que:<\/p><p>A contar del mi\u00e9rcoles 04 de marzo de 2026, inicio del a\u00f1o escolar, queda prohibido el uso de tel\u00e9fonos celulares y otros dispositivos m\u00f3viles de comunicaci\u00f3n personal en todas las dependencias del colegio, incluyendo salas de clases, patios, recreos, biblioteca, pasillos, talleres y actividades extracurriculares.<\/p><p>Esta medida aplica para todos los niveles impartidos por el establecimiento.<\/p><p>La prohibici\u00f3n se refiere al uso del dispositivo, no a su mera portaci\u00f3n, salvo disposici\u00f3n distinta establecida en el Reglamento Interno.<\/p><p>En caso de que el estudiante porte un dispositivo m\u00f3vil durante la jornada escolar, este deber\u00e1 mantenerse apagado o en modo silencioso y guardado permanentemente en el interior de su mochila, sin ser extra\u00eddo en ning\u00fan momento de la jornada escolar, salvo autorizaci\u00f3n expresa conforme a las excepciones legales.<\/p><p>\u00a0<\/p><p><strong>Procedimiento ante incumplimiento<\/strong><\/p><p>En caso de que un\/a estudiante utilice o extraiga su dispositivo m\u00f3vil durante la jornada escolar, se aplicar\u00e1 el siguiente procedimiento progresivo:<\/p><p><strong>1.<\/strong><strong>Primera vez:<\/strong><\/p><ul><li>El dispositivo ser\u00e1 retirado por el docente o inspector\/a.<\/li><li>Ser\u00e1 entregado a Inspector\u00eda para su resguardo.<\/li><li>Se registrar\u00e1 la situaci\u00f3n en la hoja de vida del estudiante.<\/li><li>El celular ser\u00e1 devuelto al estudiante al t\u00e9rmino de la jornada escolar.<\/li><\/ul><p><strong>2.<\/strong><strong>En caso de reiteraci\u00f3n:<\/strong><\/p><ul><li>El dispositivo ser\u00e1 retirado y resguardado en Inspector\u00eda.<\/li><li>Se registrar\u00e1 la situaci\u00f3n en la hoja de vida como falta grave<\/li><li>El equipo ser\u00e1 entregado exclusivamente al apoderado\/a, previa cita agendada con el establecimiento.<\/li><\/ul><p>Adem\u00e1s, se aplicar\u00e1n medidas formativas progresivas conforme al Reglamento Interno y Manual de Convivencia Escolar vigente.<\/p><p>El retiro del dispositivo ser\u00e1 de car\u00e1cter temporal y se realizar\u00e1 conforme a lo establecido en el Reglamento Interno, resguardando el debido proceso y el principio de proporcionalidad.<\/p><p>El uso del celular y otros dispositivos electr\u00f3nicos se encuentra prohibido en las dependencias de nuestro colegio, por ello el porte del mismo es de plena responsabilidad del estudiante y su familia, el colegio no se hace cargo de su p\u00e9rdida o sustracci\u00f3n.<\/p><p>\u00a0<\/p><p><strong>Excepciones<\/strong><\/p><p>\u00b7Solo se considerar\u00e1n excepciones aquellas debidamente acreditadas conforme a la Ley N.\u00ba 21.801 (condiciones de salud, necesidades educativas especiales u otras situaciones fundadas y autorizadas por Direcci\u00f3n).<\/p><p>\u00b7La presente medida se enmarca en la Ley N.\u00ba 21.801 y ser\u00e1 incorporada formalmente al Reglamento Interno y Manual de Convivencia Escolar, conforme a la normativa vigente.<\/p><p>\u00b7Agradecemos la colaboraci\u00f3n de las familias en la implementaci\u00f3n de esta medida, cuyo objetivo es fortalecer la convivencia escolar, proteger los espacios de aprendizaje y promover el bienestar de nuestros estudiantes.<\/p><p>Atentamente,<br \/>Direcci\u00f3n<br \/>Equipo de Convivencia Escolar<\/p>\t\t\t\t\t<\/div>\n\t\t\t\t\t\t<\/div>\n\t\t\t\t<\/div>\n\t\t\t\t\t\t<\/div>\n\t\t\t\t\t<\/div>\n\t\t<\/div>\n\t\t\t\t\t\t\t\t<\/div>\n\t\t\t\t\t<\/div>\n\t\t<\/section>\n\t\t\t\t<section class=\"elementor-section elementor-top-section elementor-element elementor-element-68add2d elementor-section-boxed elementor-section-height-default elementor-section-height-default\" data-id=\"68add2d\" data-element_type=\"section\">\n\t\t\t\t\t\t<div class=\"elementor-container elementor-column-gap-default\">\n\t\t\t\t\t\t\t<div class=\"elementor-row\">\n\t\t\t\t\t<div class=\"elementor-column elementor-col-100 elementor-top-column elementor-element elementor-element-678d42d\" data-id=\"678d42d\" data-element_type=\"column\">\n\t\t\t<div class=\"elementor-column-wrap elementor-element-populated\">\n\t\t\t\t\t\t\t<div class=\"elementor-widget-wrap\">\n\t\t\t\t\t\t<div class=\"elementor-element elementor-element-63b927a elementor-arrows-position-outside elementor-pagination-position-outside elementor-widget elementor-widget-image-carousel\" data-id=\"63b927a\" data-element_type=\"widget\" data-settings=\"{&quot;slides_to_show&quot;:&quot;1&quot;,&quot;navigation&quot;:&quot;both&quot;,&quot;autoplay&quot;:&quot;yes&quot;,&quot;pause_on_hover&quot;:&quot;yes&quot;,&quot;pause_on_interaction&quot;:&quot;yes&quot;,&quot;autoplay_speed&quot;:5000,&quot;infinite&quot;:&quot;yes&quot;,&quot;effect&quot;:&quot;slide&quot;,&quot;speed&quot;:500}\" data-widget_type=\"image-carousel.default\">\n\t\t\t\t<div class=\"elementor-widget-container\">\n\t\t\t\t\t<div class=\"elementor-image-carousel-wrapper swiper-container\" dir=\"ltr\">\n\t\t\t<div class=\"elementor-image-carousel swiper-wrapper\" aria-live=\"off\">\n\t\t\t\t\t\t\t\t<div class=\"swiper-slide\" role=\"group\" aria-roledescription=\"slide\" aria-label=\"1 of 3\"><figure class=\"swiper-slide-inner\"><img decoding=\"async\" class=\"swiper-slide-image\" src=\"https:\/\/www.santamariadelosangeles.cl\/web\/wp-content\/uploads\/2026\/03\/info1.png\" alt=\"info1\" \/><\/figure><\/div><div class=\"swiper-slide\" role=\"group\" aria-roledescription=\"slide\" aria-label=\"2 of 3\"><figure class=\"swiper-slide-inner\"><img decoding=\"async\" class=\"swiper-slide-image\" src=\"https:\/\/www.santamariadelosangeles.cl\/web\/wp-content\/uploads\/2026\/03\/info2.jpg\" alt=\"info2\" \/><\/figure><\/div><div class=\"swiper-slide\" role=\"group\" aria-roledescription=\"slide\" aria-label=\"3 of 3\"><figure class=\"swiper-slide-inner\"><img decoding=\"async\" class=\"swiper-slide-image\" src=\"https:\/\/www.santamariadelosangeles.cl\/web\/wp-content\/uploads\/2026\/03\/info3.jpg\" alt=\"info3\" \/><\/figure><\/div>\t\t\t<\/div>\n\t\t\t\t\t\t\t\t\t\t\t\t<div class=\"elementor-swiper-button elementor-swiper-button-prev\" role=\"button\" tabindex=\"0\">\n\t\t\t\t\t\t<i aria-hidden=\"true\" class=\"eicon-chevron-left\"><\/i>\t\t\t\t\t<\/div>\n\t\t\t\t\t<div class=\"elementor-swiper-button elementor-swiper-button-next\" role=\"button\" tabindex=\"0\">\n\t\t\t\t\t\t<i aria-hidden=\"true\" class=\"eicon-chevron-right\"><\/i>\t\t\t\t\t<\/div>\n\t\t\t\t\n\t\t\t\t\t\t\t\t\t<div class=\"swiper-pagination\"><\/div>\n\t\t\t\t\t\t\t\t\t<\/div>\n\t\t\t\t<\/div>\n\t\t\t\t<\/div>\n\t\t\t\t\t\t<\/div>\n\t\t\t\t\t<\/div>\n\t\t<\/div>\n\t\t\t\t\t\t\t\t<\/div>\n\t\t\t\t\t<\/div>\n\t\t<\/section>\n\t\t\t\t\t\t\t\t\t<\/div>\n\t\t\t<\/div>\n\t\t\t\t\t<\/div>\n\t\t","protected":false},"excerpt":{"rendered":"<p>Estimada comunidad educativa: En el marco de la entrada en vigencia de la Ley N.\u00ba 21.801, que modifica la Ley General de Educaci\u00f3n respecto de la prohibici\u00f3n y regulaci\u00f3n del uso de dispositivos m\u00f3viles electr\u00f3nicos de comunicaci\u00f3n personal en establecimientos educacionales, informamos que: A contar del mi\u00e9rcoles 04 de marzo de 2026, inicio del a\u00f1o [&hellip;]<\/p>\n","protected":false},"author":2,"featured_media":13660,"comment_status":"closed","ping_status":"open","sticky":false,"template":"","format":"aside","meta":{"footnotes":""},"categories":[6],"tags":[],"class_list":["post-13606","post","type-post","status-publish","format-aside","has-post-thumbnail","hentry","category-actividades","post_format-post-format-aside"],"_links":{"self":[{"href":"https:\/\/www.santamariadelosangeles.cl\/web\/wp-json\/wp\/v2\/posts\/13606"}],"collection":[{"href":"https:\/\/www.santamariadelosangeles.cl\/web\/wp-json\/wp\/v2\/posts"}],"about":[{"href":"https:\/\/www.santamariadelosangeles.cl\/web\/wp-json\/wp\/v2\/types\/post"}],"author":[{"embeddable":true,"href":"https:\/\/www.santamariadelosangeles.cl\/web\/wp-json\/wp\/v2\/users\/2"}],"replies":[{"embeddable":true,"href":"https:\/\/www.santamariadelosangeles.cl\/web\/wp-json\/wp\/v2\/comments?post=13606"}],"version-history":[{"count":6,"href":"https:\/\/www.santamariadelosangeles.cl\/web\/wp-json\/wp\/v2\/posts\/13606\/revisions"}],"predecessor-version":[{"id":13666,"href":"https:\/\/www.santamariadelosangeles.cl\/web\/wp-json\/wp\/v2\/posts\/13606\/revisions\/13666"}],"wp:featuredmedia":[{"embeddable":true,"href":"https:\/\/www.santamariadelosangeles.cl\/web\/wp-json\/wp\/v2\/media\/13660"}],"wp:attachment":[{"href":"https:\/\/www.santamariadelosangeles.cl\/web\/wp-json\/wp\/v2\/media?parent=13606"}],"wp:term":[{"taxonomy":"category","embeddable":true,"href":"https:\/\/www.santamariadelosangeles.cl\/web\/wp-json\/wp\/v2\/categories?post=13606"},{"taxonomy":"post_tag","embeddable":true,"href":"https:\/\/www.santamariadelosangeles.cl\/web\/wp-json\/wp\/v2\/tags?post=13606"}],"curies":[{"name":"wp","href":"https:\/\/api.w.org\/{rel}","templated":true}]}}