{"id":13313,"date":"2025-09-08T10:55:22","date_gmt":"2025-09-08T13:55:22","guid":{"rendered":"https:\/\/www.santamariadelosangeles.cl\/web\/?p=13313"},"modified":"2025-09-08T11:03:45","modified_gmt":"2025-09-08T14:03:45","slug":"gala-folclorica-2025","status":"publish","type":"post","link":"https:\/\/www.santamariadelosangeles.cl\/web\/2025\/09\/08\/gala-folclorica-2025\/","title":{"rendered":"Gala Folclorica 2025"},"content":{"rendered":"\t\t<div data-elementor-type=\"wp-post\" data-elementor-id=\"13313\" class=\"elementor elementor-13313\">\n\t\t\t\t\t\t<div class=\"elementor-inner\">\n\t\t\t\t<div class=\"elementor-section-wrap\">\n\t\t\t\t\t\t\t\t\t<section class=\"elementor-section elementor-top-section elementor-element elementor-element-30a7b3b elementor-section-boxed elementor-section-height-default elementor-section-height-default\" data-id=\"30a7b3b\" data-element_type=\"section\">\n\t\t\t\t\t\t<div class=\"elementor-container elementor-column-gap-default\">\n\t\t\t\t\t\t\t<div class=\"elementor-row\">\n\t\t\t\t\t<div class=\"elementor-column elementor-col-100 elementor-top-column elementor-element elementor-element-2f6fc45\" data-id=\"2f6fc45\" data-element_type=\"column\">\n\t\t\t<div class=\"elementor-column-wrap elementor-element-populated\">\n\t\t\t\t\t\t\t<div class=\"elementor-widget-wrap\">\n\t\t\t\t\t\t<div class=\"elementor-element elementor-element-fecea87 elementor-widget elementor-widget-text-editor\" data-id=\"fecea87\" data-element_type=\"widget\" data-widget_type=\"text-editor.default\">\n\t\t\t\t<div class=\"elementor-widget-container\">\n\t\t\t\t\t\t\t\t<div class=\"elementor-text-editor elementor-clearfix\">\n\t\t\t\t<p style=\"text-align: center;\"><span style=\"color: #000000;\">El d\u00eda viernes 05 de Septiembre, se realizo la Gala Folclorica 2025, en la que participan todos los cursos, agradecemos a todos quienes cooperaron y prepararon esta actividad que se realiza dentro del mes de la Patria como\u00a0un evento art\u00edstico y cultural que celebra y pone en valor las <b>tradiciones, danzas y m\u00fasica de Chile<\/b>.Ofrece un recorrido por la identidad cultural del pa\u00eds, mostrando la riqueza de sus diferentes zonas geogr\u00e1ficas. Desde la vivacidad de los bailes del norte, pasando por la elegancia de la cueca de la zona central, hasta la m\u00edstica de las danzas del sur.<\/span><\/p>\t\t\t\t\t<\/div>\n\t\t\t\t\t\t<\/div>\n\t\t\t\t<\/div>\n\t\t\t\t<div class=\"elementor-element elementor-element-3f0adfb elementor-widget elementor-widget-html\" data-id=\"3f0adfb\" data-element_type=\"widget\" data-widget_type=\"html.default\">\n\t\t\t\t<div class=\"elementor-widget-container\">\n\t\t\t<div style=\"position: relative; width: 100%; height: 0; padding-top: 56.2500%;\r\n padding-bottom: 0; box-shadow: 0 2px 8px 0 rgba(63,69,81,0.16); margin-top: 1.6em; margin-bottom: 0.9em; overflow: hidden;\r\n border-radius: 8px; will-change: transform;\">\r\n  <iframe loading=\"lazy\" style=\"position: absolute; width: 100%; height: 100%; top: 0; left: 0; border: none; padding: 0;margin: 0;\"\r\n    src=\"https:\/\/www.canva.com\/design\/DAGyYxhfDIw\/Jx-I6CvIC7vUz9SR7qL_pw\/view?embed\" allowfullscreen=\"allowfullscreen\" allow=\"fullscreen\">\r\n  <\/iframe>\r\n<\/div>\r\n<a href=\"https:&#x2F;&#x2F;www.canva.com&#x2F;design&#x2F;DAGyYxhfDIw&#x2F;Jx-I6CvIC7vUz9SR7qL_pw&#x2F;view?utm_content=DAGyYxhfDIw&amp;utm_campaign=designshare&amp;utm_medium=embeds&amp;utm_source=link\" target=\"_blank\" rel=\"noopener\">Gala Folclorica 2025<\/a>\t\t<\/div>\n\t\t\t\t<\/div>\n\t\t\t\t\t\t<\/div>\n\t\t\t\t\t<\/div>\n\t\t<\/div>\n\t\t\t\t\t\t\t\t<\/div>\n\t\t\t\t\t<\/div>\n\t\t<\/section>\n\t\t\t\t\t\t\t\t\t<\/div>\n\t\t\t<\/div>\n\t\t\t\t\t<\/div>\n\t\t","protected":false},"excerpt":{"rendered":"<p>El d\u00eda viernes 05 de Septiembre, se realizo la Gala Folclorica 2025, en la que participan todos los cursos, agradecemos a todos quienes cooperaron y prepararon esta actividad que se realiza dentro del mes de la Patria como\u00a0un evento art\u00edstico y cultural que celebra y pone en valor las tradiciones, danzas y m\u00fasica de Chile.Ofrece [&hellip;]<\/p>\n","protected":false},"author":2,"featured_media":13314,"comment_status":"closed","ping_status":"open","sticky":false,"template":"","format":"standard","meta":{"footnotes":""},"categories":[6],"tags":[],"class_list":["post-13313","post","type-post","status-publish","format-standard","has-post-thumbnail","hentry","category-actividades"],"_links":{"self":[{"href":"https:\/\/www.santamariadelosangeles.cl\/web\/wp-json\/wp\/v2\/posts\/13313"}],"collection":[{"href":"https:\/\/www.santamariadelosangeles.cl\/web\/wp-json\/wp\/v2\/posts"}],"about":[{"href":"https:\/\/www.santamariadelosangeles.cl\/web\/wp-json\/wp\/v2\/types\/post"}],"author":[{"embeddable":true,"href":"https:\/\/www.santamariadelosangeles.cl\/web\/wp-json\/wp\/v2\/users\/2"}],"replies":[{"embeddable":true,"href":"https:\/\/www.santamariadelosangeles.cl\/web\/wp-json\/wp\/v2\/comments?post=13313"}],"version-history":[{"count":6,"href":"https:\/\/www.santamariadelosangeles.cl\/web\/wp-json\/wp\/v2\/posts\/13313\/revisions"}],"predecessor-version":[{"id":13320,"href":"https:\/\/www.santamariadelosangeles.cl\/web\/wp-json\/wp\/v2\/posts\/13313\/revisions\/13320"}],"wp:featuredmedia":[{"embeddable":true,"href":"https:\/\/www.santamariadelosangeles.cl\/web\/wp-json\/wp\/v2\/media\/13314"}],"wp:attachment":[{"href":"https:\/\/www.santamariadelosangeles.cl\/web\/wp-json\/wp\/v2\/media?parent=13313"}],"wp:term":[{"taxonomy":"category","embeddable":true,"href":"https:\/\/www.santamariadelosangeles.cl\/web\/wp-json\/wp\/v2\/categories?post=13313"},{"taxonomy":"post_tag","embeddable":true,"href":"https:\/\/www.santamariadelosangeles.cl\/web\/wp-json\/wp\/v2\/tags?post=13313"}],"curies":[{"name":"wp","href":"https:\/\/api.w.org\/{rel}","templated":true}]}}