{"id":13307,"date":"2025-09-01T10:20:04","date_gmt":"2025-09-01T13:20:04","guid":{"rendered":"https:\/\/www.santamariadelosangeles.cl\/web\/?p=13307"},"modified":"2025-09-01T10:25:25","modified_gmt":"2025-09-01T13:25:25","slug":"entrega-de-medallas-kinder-2025","status":"publish","type":"post","link":"https:\/\/www.santamariadelosangeles.cl\/web\/2025\/09\/01\/entrega-de-medallas-kinder-2025\/","title":{"rendered":"Entrega de Medallas Kinder 2025"},"content":{"rendered":"\t\t<div data-elementor-type=\"wp-post\" data-elementor-id=\"13307\" class=\"elementor elementor-13307\">\n\t\t\t\t\t\t<div class=\"elementor-inner\">\n\t\t\t\t<div class=\"elementor-section-wrap\">\n\t\t\t\t\t\t\t\t\t<section class=\"elementor-section elementor-top-section elementor-element elementor-element-1aa5e38 elementor-section-boxed elementor-section-height-default elementor-section-height-default\" data-id=\"1aa5e38\" data-element_type=\"section\">\n\t\t\t\t\t\t<div class=\"elementor-container elementor-column-gap-default\">\n\t\t\t\t\t\t\t<div class=\"elementor-row\">\n\t\t\t\t\t<div class=\"elementor-column elementor-col-100 elementor-top-column elementor-element elementor-element-d9973d9\" data-id=\"d9973d9\" data-element_type=\"column\">\n\t\t\t<div class=\"elementor-column-wrap elementor-element-populated\">\n\t\t\t\t\t\t\t<div class=\"elementor-widget-wrap\">\n\t\t\t\t\t\t<div class=\"elementor-element elementor-element-93e42ad elementor-widget elementor-widget-text-editor\" data-id=\"93e42ad\" data-element_type=\"widget\" data-widget_type=\"text-editor.default\">\n\t\t\t\t<div class=\"elementor-widget-container\">\n\t\t\t\t\t\t\t\t<div class=\"elementor-text-editor elementor-clearfix\">\n\t\t\t\t<p>El Viernes 29 de agosto se efectu\u00f3 la celebraci\u00f3n de entrega de medallas de la Virgen Mar\u00eda a nuestros m\u00e1s peque\u00f1os. En esta ocasi\u00f3n fueron acompa\u00f1ados por sus padres y\/o abuelitos\/as. La Ceremonia fue dirigida por Sor Lily Sucno nuestra Coordinadora de Pastoral, con la participaci\u00f3n de la Directora Sra. Roxanna\u00a0 Gheza, La Educadora de p\u00e1rvulos Andrea Morales y las t\u00eda asistentes Macarena y Daniela. Agradecemos la cooperaci\u00f3n, y la preparaci\u00f3n de esta hermosa actividad a todos quienes participaron de ella.<\/p>\t\t\t\t\t<\/div>\n\t\t\t\t\t\t<\/div>\n\t\t\t\t<\/div>\n\t\t\t\t<div class=\"elementor-element elementor-element-08610cf elementor-widget elementor-widget-html\" data-id=\"08610cf\" data-element_type=\"widget\" data-widget_type=\"html.default\">\n\t\t\t\t<div class=\"elementor-widget-container\">\n\t\t\t<div style=\"position: relative; width: 100%; height: 0; padding-top: 56.2500%;\r\n padding-bottom: 0; box-shadow: 0 2px 8px 0 rgba(63,69,81,0.16); margin-top: 1.6em; margin-bottom: 0.9em; overflow: hidden;\r\n border-radius: 8px; will-change: transform;\">\r\n  <iframe loading=\"lazy\" style=\"position: absolute; width: 100%; height: 100%; top: 0; left: 0; border: none; padding: 0;margin: 0;\"\r\n    src=\"https:\/\/www.canva.com\/design\/DAGxd3kVQ_Y\/xJqPh0dYLhxTrbyAEMLtHw\/view?embed\" allowfullscreen=\"allowfullscreen\" allow=\"fullscreen\">\r\n  <\/iframe>\r\n<\/div>\r\n<a href=\"https:&#x2F;&#x2F;www.canva.com&#x2F;design&#x2F;DAGxd3kVQ_Y&#x2F;xJqPh0dYLhxTrbyAEMLtHw&#x2F;view?utm_content=DAGxd3kVQ_Y&amp;utm_campaign=designshare&amp;utm_medium=embeds&amp;utm_source=link\" target=\"_blank\" rel=\"noopener\">medallas kinder<\/a> \t\t<\/div>\n\t\t\t\t<\/div>\n\t\t\t\t\t\t<\/div>\n\t\t\t\t\t<\/div>\n\t\t<\/div>\n\t\t\t\t\t\t\t\t<\/div>\n\t\t\t\t\t<\/div>\n\t\t<\/section>\n\t\t\t\t\t\t\t\t\t<\/div>\n\t\t\t<\/div>\n\t\t\t\t\t<\/div>\n\t\t","protected":false},"excerpt":{"rendered":"<p>El Viernes 29 de agosto se efectu\u00f3 la celebraci\u00f3n de entrega de medallas de la Virgen Mar\u00eda a nuestros m\u00e1s peque\u00f1os. En esta ocasi\u00f3n fueron acompa\u00f1ados por sus padres y\/o abuelitos\/as. La Ceremonia fue dirigida por Sor Lily Sucno nuestra Coordinadora de Pastoral, con la participaci\u00f3n de la Directora Sra. Roxanna\u00a0 Gheza, La Educadora de [&hellip;]<\/p>\n","protected":false},"author":2,"featured_media":13308,"comment_status":"closed","ping_status":"open","sticky":false,"template":"","format":"standard","meta":{"footnotes":""},"categories":[6],"tags":[],"class_list":["post-13307","post","type-post","status-publish","format-standard","has-post-thumbnail","hentry","category-actividades"],"_links":{"self":[{"href":"https:\/\/www.santamariadelosangeles.cl\/web\/wp-json\/wp\/v2\/posts\/13307"}],"collection":[{"href":"https:\/\/www.santamariadelosangeles.cl\/web\/wp-json\/wp\/v2\/posts"}],"about":[{"href":"https:\/\/www.santamariadelosangeles.cl\/web\/wp-json\/wp\/v2\/types\/post"}],"author":[{"embeddable":true,"href":"https:\/\/www.santamariadelosangeles.cl\/web\/wp-json\/wp\/v2\/users\/2"}],"replies":[{"embeddable":true,"href":"https:\/\/www.santamariadelosangeles.cl\/web\/wp-json\/wp\/v2\/comments?post=13307"}],"version-history":[{"count":3,"href":"https:\/\/www.santamariadelosangeles.cl\/web\/wp-json\/wp\/v2\/posts\/13307\/revisions"}],"predecessor-version":[{"id":13311,"href":"https:\/\/www.santamariadelosangeles.cl\/web\/wp-json\/wp\/v2\/posts\/13307\/revisions\/13311"}],"wp:featuredmedia":[{"embeddable":true,"href":"https:\/\/www.santamariadelosangeles.cl\/web\/wp-json\/wp\/v2\/media\/13308"}],"wp:attachment":[{"href":"https:\/\/www.santamariadelosangeles.cl\/web\/wp-json\/wp\/v2\/media?parent=13307"}],"wp:term":[{"taxonomy":"category","embeddable":true,"href":"https:\/\/www.santamariadelosangeles.cl\/web\/wp-json\/wp\/v2\/categories?post=13307"},{"taxonomy":"post_tag","embeddable":true,"href":"https:\/\/www.santamariadelosangeles.cl\/web\/wp-json\/wp\/v2\/tags?post=13307"}],"curies":[{"name":"wp","href":"https:\/\/api.w.org\/{rel}","templated":true}]}}