{"id":13229,"date":"2025-07-29T13:57:12","date_gmt":"2025-07-29T16:57:12","guid":{"rendered":"https:\/\/www.santamariadelosangeles.cl\/web\/?p=13229"},"modified":"2025-07-29T14:00:15","modified_gmt":"2025-07-29T17:00:15","slug":"jornada-contra-la-violencia","status":"publish","type":"post","link":"https:\/\/www.santamariadelosangeles.cl\/web\/2025\/07\/29\/jornada-contra-la-violencia\/","title":{"rendered":"Jornada contra la violencia"},"content":{"rendered":"\t\t<div data-elementor-type=\"wp-post\" data-elementor-id=\"13229\" class=\"elementor elementor-13229\">\n\t\t\t\t\t\t<div class=\"elementor-inner\">\n\t\t\t\t<div class=\"elementor-section-wrap\">\n\t\t\t\t\t\t\t\t\t<section class=\"elementor-section elementor-top-section elementor-element elementor-element-3251567 elementor-section-boxed elementor-section-height-default elementor-section-height-default\" data-id=\"3251567\" data-element_type=\"section\">\n\t\t\t\t\t\t<div class=\"elementor-container elementor-column-gap-default\">\n\t\t\t\t\t\t\t<div class=\"elementor-row\">\n\t\t\t\t\t<div class=\"elementor-column elementor-col-100 elementor-top-column elementor-element elementor-element-d74b9c0\" data-id=\"d74b9c0\" data-element_type=\"column\">\n\t\t\t<div class=\"elementor-column-wrap elementor-element-populated\">\n\t\t\t\t\t\t\t<div class=\"elementor-widget-wrap\">\n\t\t\t\t\t\t<div class=\"elementor-element elementor-element-2e9c89f elementor-widget elementor-widget-text-editor\" data-id=\"2e9c89f\" data-element_type=\"widget\" data-widget_type=\"text-editor.default\">\n\t\t\t\t<div class=\"elementor-widget-container\">\n\t\t\t\t\t\t\t\t<div class=\"elementor-text-editor elementor-clearfix\">\n\t\t\t\t<p style=\"text-align: center;\"><span style=\"color: #000000;\">Ma\u00f1ana durante la jornada escolar nuestro colegio se suma a esta iniciativa del Ministerio de Educaci\u00f3n con el objetivo de generar una relflexi\u00f3n en nuestra comunidad sobre aquello que es violencia y hacernos presentes contra la violencia.<\/span><\/p>\t\t\t\t\t<\/div>\n\t\t\t\t\t\t<\/div>\n\t\t\t\t<\/div>\n\t\t\t\t<div class=\"elementor-element elementor-element-5107706 elementor-widget elementor-widget-image\" data-id=\"5107706\" data-element_type=\"widget\" data-widget_type=\"image.default\">\n\t\t\t\t<div class=\"elementor-widget-container\">\n\t\t\t\t\t\t\t\t<div class=\"elementor-image\">\n\t\t\t\t\t\t\t\t\t\t\t\t<img loading=\"lazy\" decoding=\"async\" width=\"240\" height=\"300\" src=\"https:\/\/www.santamariadelosangeles.cl\/web\/wp-content\/uploads\/2025\/07\/Afiche-para-web-240x300.png\" class=\"attachment-large size-large wp-image-13230\" alt=\"\" srcset=\"https:\/\/www.santamariadelosangeles.cl\/web\/wp-content\/uploads\/2025\/07\/Afiche-para-web-240x300.png 240w, https:\/\/www.santamariadelosangeles.cl\/web\/wp-content\/uploads\/2025\/07\/Afiche-para-web-768x960.png 768w, https:\/\/www.santamariadelosangeles.cl\/web\/wp-content\/uploads\/2025\/07\/Afiche-para-web-1229x1536.png 1229w, https:\/\/www.santamariadelosangeles.cl\/web\/wp-content\/uploads\/2025\/07\/Afiche-para-web-1638x2048.png 1638w\" sizes=\"(max-width: 240px) 100vw, 240px\" \/>\t\t\t\t\t\t\t\t\t\t\t\t\t\t<\/div>\n\t\t\t\t\t\t<\/div>\n\t\t\t\t<\/div>\n\t\t\t\t\t\t<\/div>\n\t\t\t\t\t<\/div>\n\t\t<\/div>\n\t\t\t\t\t\t\t\t<\/div>\n\t\t\t\t\t<\/div>\n\t\t<\/section>\n\t\t\t\t\t\t\t\t\t<\/div>\n\t\t\t<\/div>\n\t\t\t\t\t<\/div>\n\t\t","protected":false},"excerpt":{"rendered":"<p>Ma\u00f1ana durante la jornada escolar nuestro colegio se suma a esta iniciativa del Ministerio de Educaci\u00f3n con el objetivo de generar una relflexi\u00f3n en nuestra comunidad sobre aquello que es violencia y hacernos presentes contra la violencia.<\/p>\n","protected":false},"author":2,"featured_media":13230,"comment_status":"closed","ping_status":"open","sticky":false,"template":"","format":"standard","meta":{"footnotes":""},"categories":[6],"tags":[],"class_list":["post-13229","post","type-post","status-publish","format-standard","has-post-thumbnail","hentry","category-actividades"],"_links":{"self":[{"href":"https:\/\/www.santamariadelosangeles.cl\/web\/wp-json\/wp\/v2\/posts\/13229"}],"collection":[{"href":"https:\/\/www.santamariadelosangeles.cl\/web\/wp-json\/wp\/v2\/posts"}],"about":[{"href":"https:\/\/www.santamariadelosangeles.cl\/web\/wp-json\/wp\/v2\/types\/post"}],"author":[{"embeddable":true,"href":"https:\/\/www.santamariadelosangeles.cl\/web\/wp-json\/wp\/v2\/users\/2"}],"replies":[{"embeddable":true,"href":"https:\/\/www.santamariadelosangeles.cl\/web\/wp-json\/wp\/v2\/comments?post=13229"}],"version-history":[{"count":3,"href":"https:\/\/www.santamariadelosangeles.cl\/web\/wp-json\/wp\/v2\/posts\/13229\/revisions"}],"predecessor-version":[{"id":13233,"href":"https:\/\/www.santamariadelosangeles.cl\/web\/wp-json\/wp\/v2\/posts\/13229\/revisions\/13233"}],"wp:featuredmedia":[{"embeddable":true,"href":"https:\/\/www.santamariadelosangeles.cl\/web\/wp-json\/wp\/v2\/media\/13230"}],"wp:attachment":[{"href":"https:\/\/www.santamariadelosangeles.cl\/web\/wp-json\/wp\/v2\/media?parent=13229"}],"wp:term":[{"taxonomy":"category","embeddable":true,"href":"https:\/\/www.santamariadelosangeles.cl\/web\/wp-json\/wp\/v2\/categories?post=13229"},{"taxonomy":"post_tag","embeddable":true,"href":"https:\/\/www.santamariadelosangeles.cl\/web\/wp-json\/wp\/v2\/tags?post=13229"}],"curies":[{"name":"wp","href":"https:\/\/api.w.org\/{rel}","templated":true}]}}