{"id":13075,"date":"2025-06-05T12:31:07","date_gmt":"2025-06-05T15:31:07","guid":{"rendered":"https:\/\/www.santamariadelosangeles.cl\/web\/?p=13075"},"modified":"2025-06-05T13:19:47","modified_gmt":"2025-06-05T16:19:47","slug":"visita-de-kinder-y-primero-basico-a-la-biblioteca","status":"publish","type":"post","link":"https:\/\/www.santamariadelosangeles.cl\/web\/2025\/06\/05\/visita-de-kinder-y-primero-basico-a-la-biblioteca\/","title":{"rendered":"Visita de kinder y Primero b\u00e1sico a la Biblioteca"},"content":{"rendered":"\t\t<div data-elementor-type=\"wp-post\" data-elementor-id=\"13075\" class=\"elementor elementor-13075\">\n\t\t\t\t\t\t<div class=\"elementor-inner\">\n\t\t\t\t<div class=\"elementor-section-wrap\">\n\t\t\t\t\t\t\t\t\t<section class=\"elementor-section elementor-top-section elementor-element elementor-element-b24c485 elementor-section-boxed elementor-section-height-default elementor-section-height-default\" data-id=\"b24c485\" data-element_type=\"section\">\n\t\t\t\t\t\t<div class=\"elementor-container elementor-column-gap-default\">\n\t\t\t\t\t\t\t<div class=\"elementor-row\">\n\t\t\t\t\t<div class=\"elementor-column elementor-col-100 elementor-top-column elementor-element elementor-element-57378cc\" data-id=\"57378cc\" data-element_type=\"column\">\n\t\t\t<div class=\"elementor-column-wrap elementor-element-populated\">\n\t\t\t\t\t\t\t<div class=\"elementor-widget-wrap\">\n\t\t\t\t\t\t<div class=\"elementor-element elementor-element-166be93 elementor-widget elementor-widget-text-editor\" data-id=\"166be93\" data-element_type=\"widget\" data-widget_type=\"text-editor.default\">\n\t\t\t\t<div class=\"elementor-widget-container\">\n\t\t\t\t\t\t\t\t<div class=\"elementor-text-editor elementor-clearfix\">\n\t\t\t\t<p><span style=\"color: #000000;\"><span class=\"OYPEnA font-feature-liga-off font-feature-clig-off font-feature-calt-off text-decoration-none text-strikethrough-none\">El d\u00eda mi\u00e9rcoles 04 de junio se realizo la segunda parte y final de la inducci\u00f3n de los m\u00e1s peque\u00f1os al uso adecuado de la biblioteca y el fomento a la lectura, participar\u00f3n el Kinder con la T\u00eda Andrea Morales y las t\u00edas asistentes adem\u00e1s tambi\u00e9n nos visito el primero b\u00e1sico con la profesora Karen Rivera y las<\/span> <span class=\"OYPEnA font-feature-liga-off font-feature-clig-off font-feature-calt-off text-decoration-none text-strikethrough-none\">t\u00edas asistentes. Esta actividad fue creada y promovida por la T\u00eda Claudia Pino, Bibliotecaria de nuestro colegio y la profesora Magdalena Romero Encargada de CRA. Agradecemos a Direcci\u00f3n y UTP por el apoyo a esta labor.<\/span><\/span><\/p>\t\t\t\t\t<\/div>\n\t\t\t\t\t\t<\/div>\n\t\t\t\t<\/div>\n\t\t\t\t<div class=\"elementor-element elementor-element-b9fee46 elementor-widget elementor-widget-html\" data-id=\"b9fee46\" data-element_type=\"widget\" data-widget_type=\"html.default\">\n\t\t\t\t<div class=\"elementor-widget-container\">\n\t\t\t<div style=\"position: relative; width: 100%; height: 0; padding-top: 56.2500%;\r\n padding-bottom: 0; box-shadow: 0 2px 8px 0 rgba(63,69,81,0.16); margin-top: 1.6em; margin-bottom: 0.9em; overflow: hidden;\r\n border-radius: 8px; will-change: transform;\">\r\n  <iframe loading=\"lazy\" style=\"position: absolute; width: 100%; height: 100%; top: 0; left: 0; border: none; padding: 0;margin: 0;\"\r\n    src=\"https:\/\/www.canva.com\/design\/DAGpZbkiqTw\/IEq_YOox8pCtc4Z9Szbi7w\/view?embed\" allowfullscreen=\"allowfullscreen\" allow=\"fullscreen\">\r\n  <\/iframe>\r\n<\/div>\r\n<a href=\"https:&#x2F;&#x2F;www.canva.com&#x2F;design&#x2F;DAGpZbkiqTw&#x2F;IEq_YOox8pCtc4Z9Szbi7w&#x2F;view?utm_content=DAGpZbkiqTw&amp;utm_campaign=designshare&amp;utm_medium=embeds&amp;utm_source=link\" target=\"_blank\" rel=\"noopener\">kinder y primero b\u00e1sico<\/a> \t\t<\/div>\n\t\t\t\t<\/div>\n\t\t\t\t\t\t<\/div>\n\t\t\t\t\t<\/div>\n\t\t<\/div>\n\t\t\t\t\t\t\t\t<\/div>\n\t\t\t\t\t<\/div>\n\t\t<\/section>\n\t\t\t\t\t\t\t\t\t<\/div>\n\t\t\t<\/div>\n\t\t\t\t\t<\/div>\n\t\t","protected":false},"excerpt":{"rendered":"<p>El d\u00eda mi\u00e9rcoles 04 de junio se realizo la segunda parte y final de la inducci\u00f3n de los m\u00e1s peque\u00f1os al uso adecuado de la biblioteca y el fomento a la lectura, participar\u00f3n el Kinder con la T\u00eda Andrea Morales y las t\u00edas asistentes adem\u00e1s tambi\u00e9n nos visito el primero b\u00e1sico con la profesora Karen [&hellip;]<\/p>\n","protected":false},"author":2,"featured_media":13076,"comment_status":"closed","ping_status":"open","sticky":false,"template":"","format":"standard","meta":{"footnotes":""},"categories":[6],"tags":[],"class_list":["post-13075","post","type-post","status-publish","format-standard","has-post-thumbnail","hentry","category-actividades"],"_links":{"self":[{"href":"https:\/\/www.santamariadelosangeles.cl\/web\/wp-json\/wp\/v2\/posts\/13075"}],"collection":[{"href":"https:\/\/www.santamariadelosangeles.cl\/web\/wp-json\/wp\/v2\/posts"}],"about":[{"href":"https:\/\/www.santamariadelosangeles.cl\/web\/wp-json\/wp\/v2\/types\/post"}],"author":[{"embeddable":true,"href":"https:\/\/www.santamariadelosangeles.cl\/web\/wp-json\/wp\/v2\/users\/2"}],"replies":[{"embeddable":true,"href":"https:\/\/www.santamariadelosangeles.cl\/web\/wp-json\/wp\/v2\/comments?post=13075"}],"version-history":[{"count":3,"href":"https:\/\/www.santamariadelosangeles.cl\/web\/wp-json\/wp\/v2\/posts\/13075\/revisions"}],"predecessor-version":[{"id":13079,"href":"https:\/\/www.santamariadelosangeles.cl\/web\/wp-json\/wp\/v2\/posts\/13075\/revisions\/13079"}],"wp:featuredmedia":[{"embeddable":true,"href":"https:\/\/www.santamariadelosangeles.cl\/web\/wp-json\/wp\/v2\/media\/13076"}],"wp:attachment":[{"href":"https:\/\/www.santamariadelosangeles.cl\/web\/wp-json\/wp\/v2\/media?parent=13075"}],"wp:term":[{"taxonomy":"category","embeddable":true,"href":"https:\/\/www.santamariadelosangeles.cl\/web\/wp-json\/wp\/v2\/categories?post=13075"},{"taxonomy":"post_tag","embeddable":true,"href":"https:\/\/www.santamariadelosangeles.cl\/web\/wp-json\/wp\/v2\/tags?post=13075"}],"curies":[{"name":"wp","href":"https:\/\/api.w.org\/{rel}","templated":true}]}}