{"id":13068,"date":"2025-06-04T12:06:14","date_gmt":"2025-06-04T15:06:14","guid":{"rendered":"https:\/\/www.santamariadelosangeles.cl\/web\/?p=13068"},"modified":"2025-06-04T12:13:35","modified_gmt":"2025-06-04T15:13:35","slug":"cambio-de-horario-de-salida-lunes-09-de-junio","status":"publish","type":"post","link":"https:\/\/www.santamariadelosangeles.cl\/web\/2025\/06\/04\/cambio-de-horario-de-salida-lunes-09-de-junio\/","title":{"rendered":"Cambio de horario de salida lunes 09 de junio"},"content":{"rendered":"\t\t<div data-elementor-type=\"wp-post\" data-elementor-id=\"13068\" class=\"elementor elementor-13068\">\n\t\t\t\t\t\t<div class=\"elementor-inner\">\n\t\t\t\t<div class=\"elementor-section-wrap\">\n\t\t\t\t\t\t\t\t\t<section class=\"elementor-section elementor-top-section elementor-element elementor-element-22ab04f elementor-section-boxed elementor-section-height-default elementor-section-height-default\" data-id=\"22ab04f\" data-element_type=\"section\">\n\t\t\t\t\t\t<div class=\"elementor-container elementor-column-gap-default\">\n\t\t\t\t\t\t\t<div class=\"elementor-row\">\n\t\t\t\t\t<div class=\"elementor-column elementor-col-100 elementor-top-column elementor-element elementor-element-850297d\" data-id=\"850297d\" data-element_type=\"column\">\n\t\t\t<div class=\"elementor-column-wrap elementor-element-populated\">\n\t\t\t\t\t\t\t<div class=\"elementor-widget-wrap\">\n\t\t\t\t\t\t<div class=\"elementor-element elementor-element-e9b2020 elementor-widget elementor-widget-text-editor\" data-id=\"e9b2020\" data-element_type=\"widget\" data-widget_type=\"text-editor.default\">\n\t\t\t\t<div class=\"elementor-widget-container\">\n\t\t\t\t\t\t\t\t<div class=\"elementor-text-editor elementor-clearfix\">\n\t\t\t\t<p><span style=\"color: #000000;\">Junto con saludar, comunico a ustedes que el pr\u00f3ximo lunes 9 de junio, el horario de salida de los\/las estudiantes de 3B a 4M es a las 13:55hrs. El motivo es capacitaci\u00f3n de \u00a0profesores \u00a0por Carrera Docente. Ese d\u00eda no habr\u00e1 horario de almuerzo y quedan suspendidas todas las actividades extraprogram\u00e1ticas.<\/span><\/p><p><span style=\"color: #000000;\">Sin otro particular, me despido atentamente<\/span><\/p><p><span style=\"color: #000000;\">Inspector\u00eda General\u00a0<\/span><\/p>\t\t\t\t\t<\/div>\n\t\t\t\t\t\t<\/div>\n\t\t\t\t<\/div>\n\t\t\t\t\t\t<\/div>\n\t\t\t\t\t<\/div>\n\t\t<\/div>\n\t\t\t\t\t\t\t\t<\/div>\n\t\t\t\t\t<\/div>\n\t\t<\/section>\n\t\t\t\t\t\t\t\t\t<\/div>\n\t\t\t<\/div>\n\t\t\t\t\t<\/div>\n\t\t","protected":false},"excerpt":{"rendered":"<p>Junto con saludar, comunico a ustedes que el pr\u00f3ximo lunes 9 de junio, el horario de salida de los\/las estudiantes de 3B a 4M es a las 13:55hrs. El motivo es capacitaci\u00f3n de \u00a0profesores \u00a0por Carrera Docente. Ese d\u00eda no habr\u00e1 horario de almuerzo y quedan suspendidas todas las actividades extraprogram\u00e1ticas. Sin otro particular, me [&hellip;]<\/p>\n","protected":false},"author":2,"featured_media":13064,"comment_status":"closed","ping_status":"open","sticky":false,"template":"","format":"standard","meta":{"footnotes":""},"categories":[6],"tags":[],"class_list":["post-13068","post","type-post","status-publish","format-standard","has-post-thumbnail","hentry","category-actividades"],"_links":{"self":[{"href":"https:\/\/www.santamariadelosangeles.cl\/web\/wp-json\/wp\/v2\/posts\/13068"}],"collection":[{"href":"https:\/\/www.santamariadelosangeles.cl\/web\/wp-json\/wp\/v2\/posts"}],"about":[{"href":"https:\/\/www.santamariadelosangeles.cl\/web\/wp-json\/wp\/v2\/types\/post"}],"author":[{"embeddable":true,"href":"https:\/\/www.santamariadelosangeles.cl\/web\/wp-json\/wp\/v2\/users\/2"}],"replies":[{"embeddable":true,"href":"https:\/\/www.santamariadelosangeles.cl\/web\/wp-json\/wp\/v2\/comments?post=13068"}],"version-history":[{"count":3,"href":"https:\/\/www.santamariadelosangeles.cl\/web\/wp-json\/wp\/v2\/posts\/13068\/revisions"}],"predecessor-version":[{"id":13071,"href":"https:\/\/www.santamariadelosangeles.cl\/web\/wp-json\/wp\/v2\/posts\/13068\/revisions\/13071"}],"wp:featuredmedia":[{"embeddable":true,"href":"https:\/\/www.santamariadelosangeles.cl\/web\/wp-json\/wp\/v2\/media\/13064"}],"wp:attachment":[{"href":"https:\/\/www.santamariadelosangeles.cl\/web\/wp-json\/wp\/v2\/media?parent=13068"}],"wp:term":[{"taxonomy":"category","embeddable":true,"href":"https:\/\/www.santamariadelosangeles.cl\/web\/wp-json\/wp\/v2\/categories?post=13068"},{"taxonomy":"post_tag","embeddable":true,"href":"https:\/\/www.santamariadelosangeles.cl\/web\/wp-json\/wp\/v2\/tags?post=13068"}],"curies":[{"name":"wp","href":"https:\/\/api.w.org\/{rel}","templated":true}]}}