{"id":13015,"date":"2025-05-28T10:43:41","date_gmt":"2025-05-28T13:43:41","guid":{"rendered":"https:\/\/www.santamariadelosangeles.cl\/web\/?p=13015"},"modified":"2025-06-05T09:19:34","modified_gmt":"2025-06-05T12:19:34","slug":"campana-de-solidaridad","status":"publish","type":"post","link":"https:\/\/www.santamariadelosangeles.cl\/web\/2025\/05\/28\/campana-de-solidaridad\/","title":{"rendered":"Campa\u00f1a de Solidaridad"},"content":{"rendered":"\t\t<div data-elementor-type=\"wp-post\" data-elementor-id=\"13015\" class=\"elementor elementor-13015\">\n\t\t\t\t\t\t<div class=\"elementor-inner\">\n\t\t\t\t<div class=\"elementor-section-wrap\">\n\t\t\t\t\t\t\t\t\t<section class=\"elementor-section elementor-top-section elementor-element elementor-element-198488e elementor-section-boxed elementor-section-height-default elementor-section-height-default\" data-id=\"198488e\" data-element_type=\"section\">\n\t\t\t\t\t\t<div class=\"elementor-container elementor-column-gap-default\">\n\t\t\t\t\t\t\t<div class=\"elementor-row\">\n\t\t\t\t\t<div class=\"elementor-column elementor-col-100 elementor-top-column elementor-element elementor-element-960fec2\" data-id=\"960fec2\" data-element_type=\"column\">\n\t\t\t<div class=\"elementor-column-wrap elementor-element-populated\">\n\t\t\t\t\t\t\t<div class=\"elementor-widget-wrap\">\n\t\t\t\t\t\t<div class=\"elementor-element elementor-element-1922c1a elementor-widget elementor-widget-text-editor\" data-id=\"1922c1a\" data-element_type=\"widget\" data-widget_type=\"text-editor.default\">\n\t\t\t\t<div class=\"elementor-widget-container\">\n\t\t\t\t\t\t\t\t<div class=\"elementor-text-editor elementor-clearfix\">\n\t\t\t\t<p><span style=\"color: #000000;\">Estimados Padres y Apoderados:<\/span><\/p>\n<p style=\"text-align: center;\"><span style=\"color: #000000;\"><strong><em>Campa\u00f1a de Solidaridad<\/em><\/strong><\/span><\/p>\n<p style=\"text-align: center;\"><span style=\"color: #000000;\">A cada uno de ustedes un saludo de Paz y Bien.<\/span><\/p>\n<p style=\"text-align: center;\"><span style=\"color: #000000;\">Como es de su conocimiento, recientemente un devastador tornado afect\u00f3 la ciudad de Puerto Varas, dejando a muchas familias en situaci\u00f3n de vulnerabilidad.<\/span><\/p>\n<p style=\"text-align: center;\"><span style=\"color: #000000;\">Ante esta dif\u00edcil realidad, la Fundaci\u00f3n Educacional Laura Leroux, convoca a todos los establecimientos a sumarse a una <strong>Campa\u00f1a de Solidaridad<\/strong> en ayuda de nuestros hermanos damnificados.<\/span><\/p>\n<p style=\"text-align: center;\"><span style=\"color: #000000;\">Esta iniciativa tiene como objetivo recolectar apoyo, a trav\u00e9s de <strong>bienes materiales<\/strong>: <strong>alimentos no perecibles, ropa de abrigo, art\u00edculos de aseo<\/strong>, etc., para ser entregados a quienes m\u00e1s lo necesitan.<\/span><\/p>\n<p style=\"text-align: center;\"><span style=\"color: #000000;\">A partir del jueves 29 de mayo, se comenzar\u00e1 a recibir en el colegio, los bienes materiales.<\/span><\/p>\n<p style=\"text-align: center;\"><span style=\"color: #000000;\">&nbsp;Confiamos plenamente en el compromiso de cada uno de ustedes.<\/span><\/p>\n<p style=\"text-align: center;\"><span style=\"color: #000000;\">Atentamente, con afecto y esperanza.<\/span><\/p>\n<p style=\"text-align: center;\"><span style=\"color: #000000;\">Roxanna Gheza P.<\/span><\/p>\n<p style=\"text-align: center;\"><span style=\"color: #000000;\">Directora<\/span><\/p>\n<p style=\"text-align: center;\"><em><strong><span style=\"color: #000000;\">\u00a1Cada peque\u00f1o gesto cuenta!<\/span><\/strong><\/em><\/p>\n<p style=\"text-align: center;\"><em><strong><span style=\"color: #000000;\">Gracias por unirte a esta causa tan importante y por su compromiso con la comunidad.<\/span><\/strong><\/em><\/p>\t\t\t\t\t<\/div>\n\t\t\t\t\t\t<\/div>\n\t\t\t\t<\/div>\n\t\t\t\t\t\t<\/div>\n\t\t\t\t\t<\/div>\n\t\t<\/div>\n\t\t\t\t\t\t\t\t<\/div>\n\t\t\t\t\t<\/div>\n\t\t<\/section>\n\t\t\t\t\t\t\t\t\t<\/div>\n\t\t\t<\/div>\n\t\t\t\t\t<\/div>\n\t\t","protected":false},"excerpt":{"rendered":"<p>Estimados Padres y Apoderados: Campa\u00f1a de Solidaridad A cada uno de ustedes un saludo de Paz y Bien. Como es de su conocimiento, recientemente un devastador tornado afect\u00f3 la ciudad de Puerto Varas, dejando a muchas familias en situaci\u00f3n de vulnerabilidad. Ante esta dif\u00edcil realidad, la Fundaci\u00f3n Educacional Laura Leroux, convoca a todos los establecimientos [&hellip;]<\/p>\n","protected":false},"author":2,"featured_media":0,"comment_status":"closed","ping_status":"open","sticky":false,"template":"","format":"standard","meta":{"footnotes":""},"categories":[6],"tags":[],"class_list":["post-13015","post","type-post","status-publish","format-standard","hentry","category-actividades"],"_links":{"self":[{"href":"https:\/\/www.santamariadelosangeles.cl\/web\/wp-json\/wp\/v2\/posts\/13015"}],"collection":[{"href":"https:\/\/www.santamariadelosangeles.cl\/web\/wp-json\/wp\/v2\/posts"}],"about":[{"href":"https:\/\/www.santamariadelosangeles.cl\/web\/wp-json\/wp\/v2\/types\/post"}],"author":[{"embeddable":true,"href":"https:\/\/www.santamariadelosangeles.cl\/web\/wp-json\/wp\/v2\/users\/2"}],"replies":[{"embeddable":true,"href":"https:\/\/www.santamariadelosangeles.cl\/web\/wp-json\/wp\/v2\/comments?post=13015"}],"version-history":[{"count":10,"href":"https:\/\/www.santamariadelosangeles.cl\/web\/wp-json\/wp\/v2\/posts\/13015\/revisions"}],"predecessor-version":[{"id":13052,"href":"https:\/\/www.santamariadelosangeles.cl\/web\/wp-json\/wp\/v2\/posts\/13015\/revisions\/13052"}],"wp:attachment":[{"href":"https:\/\/www.santamariadelosangeles.cl\/web\/wp-json\/wp\/v2\/media?parent=13015"}],"wp:term":[{"taxonomy":"category","embeddable":true,"href":"https:\/\/www.santamariadelosangeles.cl\/web\/wp-json\/wp\/v2\/categories?post=13015"},{"taxonomy":"post_tag","embeddable":true,"href":"https:\/\/www.santamariadelosangeles.cl\/web\/wp-json\/wp\/v2\/tags?post=13015"}],"curies":[{"name":"wp","href":"https:\/\/api.w.org\/{rel}","templated":true}]}}