{"id":11457,"date":"2024-06-11T09:21:14","date_gmt":"2024-06-11T12:21:14","guid":{"rendered":"https:\/\/www.santamariadelosangeles.cl\/web\/?p=11457"},"modified":"2024-06-11T09:36:43","modified_gmt":"2024-06-11T12:36:43","slug":"solemnidad-del-sagrado-corazon","status":"publish","type":"post","link":"https:\/\/www.santamariadelosangeles.cl\/web\/2024\/06\/11\/solemnidad-del-sagrado-corazon\/","title":{"rendered":"Solemnidad del Sagrado Coraz\u00f3n"},"content":{"rendered":"\t\t<div data-elementor-type=\"wp-post\" data-elementor-id=\"11457\" class=\"elementor elementor-11457\">\n\t\t\t\t\t\t<div class=\"elementor-inner\">\n\t\t\t\t<div class=\"elementor-section-wrap\">\n\t\t\t\t\t\t\t\t\t<section class=\"elementor-section elementor-top-section elementor-element elementor-element-fc9d7f3 elementor-section-boxed elementor-section-height-default elementor-section-height-default\" data-id=\"fc9d7f3\" data-element_type=\"section\">\n\t\t\t\t\t\t<div class=\"elementor-container elementor-column-gap-default\">\n\t\t\t\t\t\t\t<div class=\"elementor-row\">\n\t\t\t\t\t<div class=\"elementor-column elementor-col-100 elementor-top-column elementor-element elementor-element-b8a7f48\" data-id=\"b8a7f48\" data-element_type=\"column\">\n\t\t\t<div class=\"elementor-column-wrap elementor-element-populated\">\n\t\t\t\t\t\t\t<div class=\"elementor-widget-wrap\">\n\t\t\t\t\t\t<div class=\"elementor-element elementor-element-9dcd8f1 elementor-widget elementor-widget-text-editor\" data-id=\"9dcd8f1\" data-element_type=\"widget\" data-widget_type=\"text-editor.default\">\n\t\t\t\t<div class=\"elementor-widget-container\">\n\t\t\t\t\t\t\t\t<div class=\"elementor-text-editor elementor-clearfix\">\n\t\t\t\t<p>Presentaci\u00f3n de Fotograf\u00edas de la Eucar\u00edstia y Liturgia de la Solemnidad del Sagrado Coraz\u00f3n realizada el d\u00eda Viernes 07 de junio<\/p>\t\t\t\t\t<\/div>\n\t\t\t\t\t\t<\/div>\n\t\t\t\t<\/div>\n\t\t\t\t<div class=\"elementor-element elementor-element-302a33a elementor-widget elementor-widget-html\" data-id=\"302a33a\" data-element_type=\"widget\" data-widget_type=\"html.default\">\n\t\t\t\t<div class=\"elementor-widget-container\">\n\t\t\t<div style=\"position: relative; width: 100%; height: 0; padding-top: 56.2500%;\r\n padding-bottom: 0; box-shadow: 0 2px 8px 0 rgba(63,69,81,0.16); margin-top: 1.6em; margin-bottom: 0.9em; overflow: hidden;\r\n border-radius: 8px; will-change: transform;\">\r\n  <iframe loading=\"lazy\" style=\"position: absolute; width: 100%; height: 100%; top: 0; left: 0; border: none; padding: 0;margin: 0;\"\r\n    src=\"https:&#x2F;&#x2F;www.canva.com&#x2F;design&#x2F;DAGH1D7ed-U&#x2F;AObtgDe2HbU-1MF6DISQHg&#x2F;view?embed\" allowfullscreen=\"allowfullscreen\" allow=\"fullscreen\">\r\n  <\/iframe>\r\n<\/div>\r\n<a href=\"https:&#x2F;&#x2F;www.canva.com&#x2F;design&#x2F;DAGH1D7ed-U&#x2F;AObtgDe2HbU-1MF6DISQHg&#x2F;view?utm_content=DAGH1D7ed-U&amp;utm_campaign=designshare&amp;utm_medium=embeds&amp;utm_source=link\" target=\"_blank\" rel=\"noopener\">Solemnidad del Sagrado Coraz\u00f3n<\/a> \t\t<\/div>\n\t\t\t\t<\/div>\n\t\t\t\t\t\t<\/div>\n\t\t\t\t\t<\/div>\n\t\t<\/div>\n\t\t\t\t\t\t\t\t<\/div>\n\t\t\t\t\t<\/div>\n\t\t<\/section>\n\t\t\t\t\t\t\t\t\t<\/div>\n\t\t\t<\/div>\n\t\t\t\t\t<\/div>\n\t\t","protected":false},"excerpt":{"rendered":"<p>Presentaci\u00f3n de Fotograf\u00edas de la Eucar\u00edstia y Liturgia de la Solemnidad del Sagrado Coraz\u00f3n realizada el d\u00eda Viernes 07 de junio Solemnidad del Sagrado Coraz\u00f3n<\/p>\n","protected":false},"author":2,"featured_media":11459,"comment_status":"closed","ping_status":"open","sticky":false,"template":"","format":"standard","meta":{"footnotes":""},"categories":[6],"tags":[],"class_list":["post-11457","post","type-post","status-publish","format-standard","has-post-thumbnail","hentry","category-actividades"],"_links":{"self":[{"href":"https:\/\/www.santamariadelosangeles.cl\/web\/wp-json\/wp\/v2\/posts\/11457"}],"collection":[{"href":"https:\/\/www.santamariadelosangeles.cl\/web\/wp-json\/wp\/v2\/posts"}],"about":[{"href":"https:\/\/www.santamariadelosangeles.cl\/web\/wp-json\/wp\/v2\/types\/post"}],"author":[{"embeddable":true,"href":"https:\/\/www.santamariadelosangeles.cl\/web\/wp-json\/wp\/v2\/users\/2"}],"replies":[{"embeddable":true,"href":"https:\/\/www.santamariadelosangeles.cl\/web\/wp-json\/wp\/v2\/comments?post=11457"}],"version-history":[{"count":3,"href":"https:\/\/www.santamariadelosangeles.cl\/web\/wp-json\/wp\/v2\/posts\/11457\/revisions"}],"predecessor-version":[{"id":11462,"href":"https:\/\/www.santamariadelosangeles.cl\/web\/wp-json\/wp\/v2\/posts\/11457\/revisions\/11462"}],"wp:featuredmedia":[{"embeddable":true,"href":"https:\/\/www.santamariadelosangeles.cl\/web\/wp-json\/wp\/v2\/media\/11459"}],"wp:attachment":[{"href":"https:\/\/www.santamariadelosangeles.cl\/web\/wp-json\/wp\/v2\/media?parent=11457"}],"wp:term":[{"taxonomy":"category","embeddable":true,"href":"https:\/\/www.santamariadelosangeles.cl\/web\/wp-json\/wp\/v2\/categories?post=11457"},{"taxonomy":"post_tag","embeddable":true,"href":"https:\/\/www.santamariadelosangeles.cl\/web\/wp-json\/wp\/v2\/tags?post=11457"}],"curies":[{"name":"wp","href":"https:\/\/api.w.org\/{rel}","templated":true}]}}