{"id":10983,"date":"2024-04-16T10:18:38","date_gmt":"2024-04-16T13:18:38","guid":{"rendered":"https:\/\/www.santamariadelosangeles.cl\/web\/?p=10983"},"modified":"2024-04-16T10:23:02","modified_gmt":"2024-04-16T13:23:02","slug":"feria-de-las-pulgas-del-libro","status":"publish","type":"post","link":"https:\/\/www.santamariadelosangeles.cl\/web\/2024\/04\/16\/feria-de-las-pulgas-del-libro\/","title":{"rendered":"Feria de las Pulgas del libro"},"content":{"rendered":"\t\t<div data-elementor-type=\"wp-post\" data-elementor-id=\"10983\" class=\"elementor elementor-10983\">\n\t\t\t\t\t\t<div class=\"elementor-inner\">\n\t\t\t\t<div class=\"elementor-section-wrap\">\n\t\t\t\t\t\t\t\t\t<section class=\"elementor-section elementor-top-section elementor-element elementor-element-b1d20bb elementor-section-boxed elementor-section-height-default elementor-section-height-default\" data-id=\"b1d20bb\" data-element_type=\"section\">\n\t\t\t\t\t\t<div class=\"elementor-container elementor-column-gap-default\">\n\t\t\t\t\t\t\t<div class=\"elementor-row\">\n\t\t\t\t\t<div class=\"elementor-column elementor-col-100 elementor-top-column elementor-element elementor-element-ccb1de8\" data-id=\"ccb1de8\" data-element_type=\"column\">\n\t\t\t<div class=\"elementor-column-wrap elementor-element-populated\">\n\t\t\t\t\t\t\t<div class=\"elementor-widget-wrap\">\n\t\t\t\t\t\t<div class=\"elementor-element elementor-element-ab3cf1f elementor-widget elementor-widget-text-editor\" data-id=\"ab3cf1f\" data-element_type=\"widget\" data-widget_type=\"text-editor.default\">\n\t\t\t\t<div class=\"elementor-widget-container\">\n\t\t\t\t\t\t\t\t<div class=\"elementor-text-editor elementor-clearfix\">\n\t\t\t\t<p>Con motivo de la celebraci\u00f3n del D\u00eda del libro. Invitamos a todos nuestros estudiantes a participar de la Feria de las Pulgas del Libro a realizarse los d\u00edas 18 y 26 de abril, durante los 1\u00b0 y 2\u00b0 recreos.\u00a0<\/p><div>Tendremos variedad de libros, adem\u00e1s de lecturas complementarias con precios accesibles.\u00a0\u00a0<br \/><div>\u00a0<\/div><div><div>Los estudiantes desde 4\u00b0B a 4\u00b0M, que deseen vender libros se pueden acercar a la biblioteca a incribirse.\u00a0<\/div><\/div><\/div>\t\t\t\t\t<\/div>\n\t\t\t\t\t\t<\/div>\n\t\t\t\t<\/div>\n\t\t\t\t<div class=\"elementor-element elementor-element-45f32fe elementor-widget elementor-widget-image\" data-id=\"45f32fe\" data-element_type=\"widget\" data-widget_type=\"image.default\">\n\t\t\t\t<div class=\"elementor-widget-container\">\n\t\t\t\t\t\t\t\t<div class=\"elementor-image\">\n\t\t\t\t\t\t\t\t\t\t\t\t<img loading=\"lazy\" decoding=\"async\" width=\"300\" height=\"300\" src=\"https:\/\/www.santamariadelosangeles.cl\/web\/wp-content\/uploads\/2024\/04\/Flayer-2-Feria-de-las-pulgas--300x300.png\" class=\"attachment-large size-large wp-image-10984\" alt=\"\" srcset=\"https:\/\/www.santamariadelosangeles.cl\/web\/wp-content\/uploads\/2024\/04\/Flayer-2-Feria-de-las-pulgas--300x300.png 300w, https:\/\/www.santamariadelosangeles.cl\/web\/wp-content\/uploads\/2024\/04\/Flayer-2-Feria-de-las-pulgas--150x150.png 150w, https:\/\/www.santamariadelosangeles.cl\/web\/wp-content\/uploads\/2024\/04\/Flayer-2-Feria-de-las-pulgas--768x768.png 768w, https:\/\/www.santamariadelosangeles.cl\/web\/wp-content\/uploads\/2024\/04\/Flayer-2-Feria-de-las-pulgas--100x100.png 100w, https:\/\/www.santamariadelosangeles.cl\/web\/wp-content\/uploads\/2024\/04\/Flayer-2-Feria-de-las-pulgas-.png 1080w\" sizes=\"(max-width: 300px) 100vw, 300px\" \/>\t\t\t\t\t\t\t\t\t\t\t\t\t\t<\/div>\n\t\t\t\t\t\t<\/div>\n\t\t\t\t<\/div>\n\t\t\t\t\t\t<\/div>\n\t\t\t\t\t<\/div>\n\t\t<\/div>\n\t\t\t\t\t\t\t\t<\/div>\n\t\t\t\t\t<\/div>\n\t\t<\/section>\n\t\t\t\t\t\t\t\t\t<\/div>\n\t\t\t<\/div>\n\t\t\t\t\t<\/div>\n\t\t","protected":false},"excerpt":{"rendered":"<p>Con motivo de la celebraci\u00f3n del D\u00eda del libro. Invitamos a todos nuestros estudiantes a participar de la Feria de las Pulgas del Libro a realizarse los d\u00edas 18 y 26 de abril, durante los 1\u00b0 y 2\u00b0 recreos.\u00a0 Tendremos variedad de libros, adem\u00e1s de lecturas complementarias con precios accesibles.\u00a0\u00a0\u00a0Los estudiantes desde 4\u00b0B a 4\u00b0M, [&hellip;]<\/p>\n","protected":false},"author":2,"featured_media":10984,"comment_status":"closed","ping_status":"open","sticky":false,"template":"","format":"standard","meta":{"footnotes":""},"categories":[6],"tags":[],"class_list":["post-10983","post","type-post","status-publish","format-standard","has-post-thumbnail","hentry","category-actividades"],"_links":{"self":[{"href":"https:\/\/www.santamariadelosangeles.cl\/web\/wp-json\/wp\/v2\/posts\/10983"}],"collection":[{"href":"https:\/\/www.santamariadelosangeles.cl\/web\/wp-json\/wp\/v2\/posts"}],"about":[{"href":"https:\/\/www.santamariadelosangeles.cl\/web\/wp-json\/wp\/v2\/types\/post"}],"author":[{"embeddable":true,"href":"https:\/\/www.santamariadelosangeles.cl\/web\/wp-json\/wp\/v2\/users\/2"}],"replies":[{"embeddable":true,"href":"https:\/\/www.santamariadelosangeles.cl\/web\/wp-json\/wp\/v2\/comments?post=10983"}],"version-history":[{"count":3,"href":"https:\/\/www.santamariadelosangeles.cl\/web\/wp-json\/wp\/v2\/posts\/10983\/revisions"}],"predecessor-version":[{"id":10987,"href":"https:\/\/www.santamariadelosangeles.cl\/web\/wp-json\/wp\/v2\/posts\/10983\/revisions\/10987"}],"wp:featuredmedia":[{"embeddable":true,"href":"https:\/\/www.santamariadelosangeles.cl\/web\/wp-json\/wp\/v2\/media\/10984"}],"wp:attachment":[{"href":"https:\/\/www.santamariadelosangeles.cl\/web\/wp-json\/wp\/v2\/media?parent=10983"}],"wp:term":[{"taxonomy":"category","embeddable":true,"href":"https:\/\/www.santamariadelosangeles.cl\/web\/wp-json\/wp\/v2\/categories?post=10983"},{"taxonomy":"post_tag","embeddable":true,"href":"https:\/\/www.santamariadelosangeles.cl\/web\/wp-json\/wp\/v2\/tags?post=10983"}],"curies":[{"name":"wp","href":"https:\/\/api.w.org\/{rel}","templated":true}]}}