{"id":10586,"date":"2023-12-11T12:17:18","date_gmt":"2023-12-11T15:17:18","guid":{"rendered":"https:\/\/www.santamariadelosangeles.cl\/web\/?p=10586"},"modified":"2023-12-11T12:22:02","modified_gmt":"2023-12-11T15:22:02","slug":"misa-de-fin-de-ano","status":"publish","type":"post","link":"https:\/\/www.santamariadelosangeles.cl\/web\/2023\/12\/11\/misa-de-fin-de-ano\/","title":{"rendered":"Misa de Fin de A\u00f1o"},"content":{"rendered":"\t\t<div data-elementor-type=\"wp-post\" data-elementor-id=\"10586\" class=\"elementor elementor-10586\">\n\t\t\t\t\t\t<div class=\"elementor-inner\">\n\t\t\t\t<div class=\"elementor-section-wrap\">\n\t\t\t\t\t\t\t\t\t<section class=\"elementor-section elementor-top-section elementor-element elementor-element-c6bdeed elementor-section-boxed elementor-section-height-default elementor-section-height-default\" data-id=\"c6bdeed\" data-element_type=\"section\">\n\t\t\t\t\t\t<div class=\"elementor-container elementor-column-gap-default\">\n\t\t\t\t\t\t\t<div class=\"elementor-row\">\n\t\t\t\t\t<div class=\"elementor-column elementor-col-100 elementor-top-column elementor-element elementor-element-3279da7\" data-id=\"3279da7\" data-element_type=\"column\">\n\t\t\t<div class=\"elementor-column-wrap elementor-element-populated\">\n\t\t\t\t\t\t\t<div class=\"elementor-widget-wrap\">\n\t\t\t\t\t\t<div class=\"elementor-element elementor-element-d7b6a02 elementor-widget elementor-widget-text-editor\" data-id=\"d7b6a02\" data-element_type=\"widget\" data-widget_type=\"text-editor.default\">\n\t\t\t\t<div class=\"elementor-widget-container\">\n\t\t\t\t\t\t\t\t<div class=\"elementor-text-editor elementor-clearfix\">\n\t\t\t\t<p>El Jueves 07 de diciembre los alumnos de 3\u00b0 b\u00e1sico a 3\u00b0 medio participaron de la celebraci\u00f3n de la Santa Misa de finalizaci\u00f3n del a\u00f1o escolar. En la cual presentaron sus peticiones y sus agradecimientos por este a\u00f1o acad\u00e9mico.<\/p>\t\t\t\t\t<\/div>\n\t\t\t\t\t\t<\/div>\n\t\t\t\t<\/div>\n\t\t\t\t<div class=\"elementor-element elementor-element-0de6363 elementor-widget elementor-widget-html\" data-id=\"0de6363\" data-element_type=\"widget\" data-widget_type=\"html.default\">\n\t\t\t\t<div class=\"elementor-widget-container\">\n\t\t\t<div style=\"position: relative; width: 100%; height: 0; padding-top: 56.2500%;\r\n padding-bottom: 0; box-shadow: 0 2px 8px 0 rgba(63,69,81,0.16); margin-top: 1.6em; margin-bottom: 0.9em; overflow: hidden;\r\n border-radius: 8px; will-change: transform;\">\r\n  <iframe loading=\"lazy\" style=\"position: absolute; width: 100%; height: 100%; top: 0; left: 0; border: none; padding: 0;margin: 0;\"\r\n    src=\"https:&#x2F;&#x2F;www.canva.com&#x2F;design&#x2F;DAF2rdg9zGI&#x2F;view?embed\" allowfullscreen=\"allowfullscreen\" allow=\"fullscreen\">\r\n  <\/iframe>\r\n<\/div>\r\n<a href=\"https:&#x2F;&#x2F;www.canva.com&#x2F;design&#x2F;DAF2rdg9zGI&#x2F;view?utm_content=DAF2rdg9zGI&amp;utm_campaign=designshare&amp;utm_medium=embeds&amp;utm_source=link\" target=\"_blank\" rel=\"noopener\">Presentaci\u00f3n Centro de Est\u00e9tica Org\u00e1nico Verde<\/a> \t\t<\/div>\n\t\t\t\t<\/div>\n\t\t\t\t\t\t<\/div>\n\t\t\t\t\t<\/div>\n\t\t<\/div>\n\t\t\t\t\t\t\t\t<\/div>\n\t\t\t\t\t<\/div>\n\t\t<\/section>\n\t\t\t\t\t\t\t\t\t<\/div>\n\t\t\t<\/div>\n\t\t\t\t\t<\/div>\n\t\t","protected":false},"excerpt":{"rendered":"<p>El Jueves 07 de diciembre los alumnos de 3\u00b0 b\u00e1sico a 3\u00b0 medio participaron de la celebraci\u00f3n de la Santa Misa de finalizaci\u00f3n del a\u00f1o escolar. En la cual presentaron sus peticiones y sus agradecimientos por este a\u00f1o acad\u00e9mico. Presentaci\u00f3n Centro de Est\u00e9tica Org\u00e1nico Verde<\/p>\n","protected":false},"author":2,"featured_media":10590,"comment_status":"closed","ping_status":"open","sticky":false,"template":"","format":"standard","meta":{"footnotes":""},"categories":[6],"tags":[],"class_list":["post-10586","post","type-post","status-publish","format-standard","has-post-thumbnail","hentry","category-actividades"],"_links":{"self":[{"href":"https:\/\/www.santamariadelosangeles.cl\/web\/wp-json\/wp\/v2\/posts\/10586"}],"collection":[{"href":"https:\/\/www.santamariadelosangeles.cl\/web\/wp-json\/wp\/v2\/posts"}],"about":[{"href":"https:\/\/www.santamariadelosangeles.cl\/web\/wp-json\/wp\/v2\/types\/post"}],"author":[{"embeddable":true,"href":"https:\/\/www.santamariadelosangeles.cl\/web\/wp-json\/wp\/v2\/users\/2"}],"replies":[{"embeddable":true,"href":"https:\/\/www.santamariadelosangeles.cl\/web\/wp-json\/wp\/v2\/comments?post=10586"}],"version-history":[{"count":6,"href":"https:\/\/www.santamariadelosangeles.cl\/web\/wp-json\/wp\/v2\/posts\/10586\/revisions"}],"predecessor-version":[{"id":10593,"href":"https:\/\/www.santamariadelosangeles.cl\/web\/wp-json\/wp\/v2\/posts\/10586\/revisions\/10593"}],"wp:featuredmedia":[{"embeddable":true,"href":"https:\/\/www.santamariadelosangeles.cl\/web\/wp-json\/wp\/v2\/media\/10590"}],"wp:attachment":[{"href":"https:\/\/www.santamariadelosangeles.cl\/web\/wp-json\/wp\/v2\/media?parent=10586"}],"wp:term":[{"taxonomy":"category","embeddable":true,"href":"https:\/\/www.santamariadelosangeles.cl\/web\/wp-json\/wp\/v2\/categories?post=10586"},{"taxonomy":"post_tag","embeddable":true,"href":"https:\/\/www.santamariadelosangeles.cl\/web\/wp-json\/wp\/v2\/tags?post=10586"}],"curies":[{"name":"wp","href":"https:\/\/api.w.org\/{rel}","templated":true}]}}